{"id":38,"date":"2016-08-05T07:59:31","date_gmt":"2016-08-05T07:59:31","guid":{"rendered":"http:\/\/www.todoasesoria.es\/?p=38"},"modified":"2019-11-26T11:54:45","modified_gmt":"2019-11-26T11:54:45","slug":"epa-paro-cae-20-mejor-dato-casi-seis-anos","status":"publish","type":"post","link":"https:\/\/www.todoasesoria.es\/?p=38","title":{"rendered":"EPA: el paro cae hasta el 20%, su mejor dato en casi seis a\u00f1os"},"content":{"rendered":"<p><span style=\"text-decoration: underline;\">El n\u00famero de desempleados baj\u00f3 en 216.700 personas en el segundo trimestre del a\u00f1o hasta 4.574.700 y la tasa de paro se situ\u00f3 en el 20,00%, un punto menos que en el trimestre anterior.<\/span><\/p>\n<p>El n\u00famero de desempleados baj\u00f3 en 216.700 personas en el segundo trimestre del a\u00f1o hasta 4.574.700 y la tasa de paro se situ\u00f3 en el 20,00%, un punto menos que en el trimestre anterior, seg\u00fan revela la Encuesta de Poblaci\u00f3n Activa correspondiente al segundo ejercicio del a\u00f1o que hoy publica el Instituto Nacional de Estad\u00edstica (INE).<\/p>\n<p>El n\u00famero de ocupados se incrementa en 271.400 personas en el segundo trimestre de 2016 respecto al trimestre anterior (un 1,51% m\u00e1s) y se sit\u00faa en 18.301.000 ocupados.<\/p>\n<p>En los \u00faltimos 12 meses se han creado 434.400 puestos de trabajo y en t\u00e9rminos desestacionalizados la variaci\u00f3n trimestral es del 0,29%. El empleo ha crecido en 434.400 personas en los 12 \u00faltimos meses y la tasa anual es del 2,43%.<\/p>\n<p>El total de asalariados aument\u00f3 en 252.700 personas, de las que 86.400 tuvieron contrato indefinido y 166.300 temporal. La tasa de temporalidad sube 68 cent\u00e9simas, hasta el 25,72%.<\/p>\n<p>La mayor ca\u00edda del paro se concentra en la franja de poblaci\u00f3n de de 25 a 54 a\u00f1os (213.900 parados menos) y entre los de 55 y m\u00e1s (25.500). En cambio, crece entre los menores de 25 a\u00f1os (22.600 m\u00e1s).<strong> El paro juvenil ha subido en este trimestre un 3,38%<\/strong> (22.700 personas) hasta los 692.800 j\u00f3venes.<\/p>\n<p>El n\u00famero de activos aumenta este trimestre en 54.600, hasta 22.875.700. La tasa de actividad sube as\u00ed 12 cent\u00e9simas y se sit\u00faa en el 59,41% mientras que en el \u00faltimo a\u00f1o se ha registrado un descenso de la poblaci\u00f3n activa de 139.900 personas.<\/p>\n<h2 class=\"ladillo\">\u00abBuen dato\u00bb, pero no tanto<\/h2>\n<p>La tasa se paro se queda en el 20,00%, con lo que <strong>no se logra caer por debajo de esta barrera psicol\u00f3gica<\/strong> aunque <strong>la ocupaci\u00f3n se incrementa en 271.400 personas<\/strong> respecto al trimestre precedente hasta los 18.301.000. El n\u00famero de activos aument\u00f3 en 54.600, hasta 22.875.700 y la tasa de actividad, 59,41 %, subi\u00f3 12 cent\u00e9simas.<\/p>\n<p>Con esta tasa de paro Espa\u00f1a <strong>consigue situarse en los mejores niveles desde el tercer trimestre de 2010<\/strong>, ya que acumulaba ya 22 trimestres seguidos por encima de esta cota.<\/p>\n<p>Pese al incremento de la ocupaci\u00f3n en el segundo trimestre, el dato no ha sido tan bueno como se esperaba. Ayer, el ministro de Econom\u00eda en funciones, Luis de Guindos, que anunciaba una \u00abintensa\u00bb creaci\u00f3n de empleoy una reducci\u00f3n del paro \u00abimportante\u00bb, apostaba por una creaci\u00f3n de empleo mucho mayor, \u00aben torno a 450.000 empleos adicionales\u00bb.<\/p>\n<p>Adem\u00e1s, pese a que se crearon 271.400 empleos, supone una <strong>p\u00e9rdida importante de ritmo en la generaci\u00f3n de puestos de trabajos en un segundo trimestre, un periodo que siempre es bueno<\/strong> para el mercado laboral espa\u00f1ol por el tir\u00f3n que supone la <strong>temporada estival y el turismo<\/strong>.<\/p>\n<p>De hecho, esta cifra de aumento de los ocupados est\u00e1 <strong>muy por debajo de las registradas en este mismo trimestre en 2015 y 2014<\/strong>.<\/p>\n<p>Concretamente, se han creado 140.300 empleos menos que en el mismo periodo de hace un a\u00f1o (cuando aument\u00f3 en 411.700) y 131.000 por debajo que en el segundo trimestre de 2014 (entonces subi\u00f3 en 402.400).<\/p>\n<p>Con respecto a los ejercicios trimestrales precedentes, en este segundo trimestre se consigue remontar la p\u00e9rdida de empleo de principios de a\u00f1o.Entre enero y marzo, el paro subi\u00f3 en 11.900 personas hasta las 4.791.400, un aumento del 0,25% en t\u00e9rminos intertrimestrales hasta una la tasa del 21%, mientras que al cierre de 2015, el n\u00famero de parados se redujo hasta las 4.779.500 personas y la tasa de desempleo pas\u00f3 del 21,18% al 20,9%.<\/p>\n<p>Asempleo esperaba ayer 381.000 puestos de trabajo m\u00e1s hasta los 18.400.000 trabajadores, <strong>su mayor nivel desde el tercer trimestre de 2011<\/strong>, previsiones que hab\u00eda revisado al alza dados los buenos datos de afiliaci\u00f3n a la Seguridad Social de junio.<\/p>\n<h2 class=\"ladillo\">Buenas perspectivas para 2016 con un gobierno estable<\/h2>\n<p>Expertos consultados por Efe esperaban en torno a 390.000 nuevos puestos de trabajo y una tasa de paro <strong>del 20% e incluso menos<\/strong>, y prev\u00e9n que Espa\u00f1a cierre el a\u00f1o con una tasa de paro inferior al 20% si el PIB crece en torno al 3%, unas previsiones que comparte Guindos.<\/p>\n<p>El Consejo de Ministros prev\u00e9 aprobar ma\u00f1ana el nuevo cuadro macroecon\u00f3mico, que incluir\u00e1 una revisi\u00f3n al alza del crecimiento econ\u00f3mico de entre el 2,7% y el 2,9%, seg\u00fan ha anunciado hoy el ministro.<\/p>\n<p>Seg\u00fan se\u00f1al\u00f3 ayer la analista de Funcas Mar\u00eda Jes\u00fas Fern\u00e1ndez, con una cifra de parados por debajo de los 4,5 millones <strong>la previsi\u00f3n de la tasa de paro media anual quedar\u00e1 en el 19,8%, la mejor desde 2010<\/strong>.<\/p>\n<p>Mientras, el director general de IMF Business School, Carlos Mart\u00ednez, que tambi\u00e9n preve\u00eda una EPA con \u00abmuy buenos datos\u00bb con m\u00e1s empleo (350.000 \u00f3 400.000 nuevos puestos de trabajo) y una tasa de paro por debajo del 20%, espera para fin de a\u00f1o una tasa a cierre de a\u00f1o <strong>por debajo incluso del 19% \u00absiempre que se conforme un Gobierno estable\u00bb<\/strong>.<\/p>\n<h2 class=\"ladillo\">M\u00e1s en servicios y construcci\u00f3n, menos en el sector p\u00fablico<\/h2>\n<p>La ocupaci\u00f3n aumenta este trimestre sobre todo en <strong>servicios (227.300 ocupados m\u00e1s y 109.500 parados menos) y en la construcci\u00f3n (45.600 y 28.900)<\/strong>. La industria gan\u00f3 15.700 ocupados, con 3.800 parados menos, y la agricultura pierde ocupados (17.200 menos), aunque el paro cae en 7.500 personas.<\/p>\n<p>Hubo, adem\u00e1s, <strong>117.100 hogares con todos sus miembros en paro menos, una ca\u00edda del 7,3%<\/strong> respecto al primer trimestre del a\u00f1o, hasta los 1.493.800. Aunque a\u00fan se est\u00e1 lejos de caer por debajo del mill\u00f3n ya se est\u00e1 lejos de rozar los dos millones que casi se alcanzan en 2014. En el \u00faltimo a\u00f1o, los hogares con todos sus miembros en paro se han reducido en 163.800, un 9,9% menos.<\/p>\n<p>Por comunidades aut\u00f3nomas, el mayor incremento de ocupados se dio en Baleares (56.000 m\u00e1s), mientras que los mayores descensos aparecen en Canarias (11.900) y Navarra (4.200).<\/p>\n<p>En el \u00faltimo a\u00f1o todas las comunidades aut\u00f3nomas crean empleo salvo Navarra. Los mayores aumentos se dan en Catalu\u00f1a (106.200) y Comunitat Valenciana (52.500).<\/p>\n<p><strong>El sector p\u00fablico sale perdiendo respecto al privado<\/strong>, ya que la ocupaci\u00f3n baja este trimestre en 23.200 personas en el primero, en contraste con el aumento de 294.600 ocupados en el privado.<\/p>\n<p>En los 12 \u00faltimos meses el empleo ha aumentado en 395.700 personas en el sector privado y apenas en 38.700 en el p\u00fablico.<\/p>\n<p>&nbsp;<\/p>\n<p>&nbsp;<\/p>\n<p>&nbsp;<\/p>\n<p>Acceso a noticia:\u00a0<a href=\"http:\/\/www.expansion.com\/economia\/2016\/07\/28\/5799a37322601d080d8b4669.html\">http:\/\/www.expansion.com\/economia\/2016\/07\/28\/5799a37322601d080d8b4669.html<\/a><\/p>\n","protected":false},"excerpt":{"rendered":"<p>El n\u00famero de desempleados baj\u00f3 en 216.700 personas en el segundo trimestre del a\u00f1o hasta 4.574.700 y la tasa de paro se situ\u00f3 en el 20,00%, un punto menos que en el trimestre anterior. El n\u00famero de desempleados baj\u00f3 en 216.700 personas en el segundo trimestre del a\u00f1o hasta 4.574.700 y la tasa de paro <a href=\"https:\/\/www.todoasesoria.es\/?p=38\" rel=\"nofollow\"><span class=\"sr-only\">Leer m\u00e1sEPA: el paro cae hasta el 20%, su mejor dato en casi seis a\u00f1os<\/span>[&hellip;]<\/a><\/p>\n","protected":false},"author":1,"featured_media":0,"comment_status":"closed","ping_status":"open","sticky":false,"template":"","format":"standard","meta":{"ngg_post_thumbnail":0},"categories":[1],"tags":[61,53,60,63,54,56,64,58,59,52,55,65,51,57,62],"yoast_head":"<!-- This site is optimized with the Yoast SEO plugin v16.1.1 - https:\/\/yoast.com\/wordpress\/plugins\/seo\/ -->\n<title>EPA: el paro cae hasta el 20%, su mejor dato en casi seis a\u00f1os - todoasesoria<\/title>\n<link rel=\"canonical\" href=\"https:\/\/www.todoasesoria.es\/?p=38\" \/>\n<meta property=\"og:locale\" content=\"es_ES\" \/>\n<meta property=\"og:type\" content=\"article\" \/>\n<meta property=\"og:title\" content=\"EPA: el paro cae hasta el 20%, su mejor dato en casi seis a\u00f1os - todoasesoria\" \/>\n<meta property=\"og:description\" content=\"El n\u00famero de desempleados baj\u00f3 en 216.700 personas en el segundo trimestre del a\u00f1o hasta 4.574.700 y la tasa de paro se situ\u00f3 en el 20,00%, un punto menos que en el trimestre anterior. El n\u00famero de desempleados baj\u00f3 en 216.700 personas en el segundo trimestre del a\u00f1o hasta 4.574.700 y la tasa de paro Leer m\u00e1sEPA: el paro cae hasta el 20%, su mejor dato en casi seis a\u00f1os[&hellip;]\" \/>\n<meta property=\"og:url\" content=\"https:\/\/www.todoasesoria.es\/?p=38\" \/>\n<meta property=\"og:site_name\" content=\"todoasesoria\" \/>\n<meta property=\"article:published_time\" content=\"2016-08-05T07:59:31+00:00\" \/>\n<meta property=\"article:modified_time\" content=\"2019-11-26T11:54:45+00:00\" \/>\n<meta name=\"twitter:card\" content=\"summary\" \/>\n<meta name=\"twitter:label1\" content=\"Tiempo de lectura\">\n\t<meta name=\"twitter:data1\" content=\"5 minutos\">\n<script type=\"application\/ld+json\" class=\"yoast-schema-graph\">{\"@context\":\"https:\/\/schema.org\",\"@graph\":[{\"@type\":\"WebSite\",\"@id\":\"https:\/\/www.todoasesoria.es\/#website\",\"url\":\"https:\/\/www.todoasesoria.es\/\",\"name\":\"todoasesoria\",\"description\":\"Tu asesoria\",\"potentialAction\":[{\"@type\":\"SearchAction\",\"target\":\"https:\/\/www.todoasesoria.es\/?s={search_term_string}\",\"query-input\":\"required name=search_term_string\"}],\"inLanguage\":\"es\"},{\"@type\":\"WebPage\",\"@id\":\"https:\/\/www.todoasesoria.es\/?p=38#webpage\",\"url\":\"https:\/\/www.todoasesoria.es\/?p=38\",\"name\":\"EPA: el paro cae hasta el 20%, su mejor dato en casi seis a\\u00f1os - todoasesoria\",\"isPartOf\":{\"@id\":\"https:\/\/www.todoasesoria.es\/#website\"},\"datePublished\":\"2016-08-05T07:59:31+00:00\",\"dateModified\":\"2019-11-26T11:54:45+00:00\",\"author\":{\"@id\":\"https:\/\/www.todoasesoria.es\/#\/schema\/person\/e37adda296e4e3acefab4ffc88058951\"},\"breadcrumb\":{\"@id\":\"https:\/\/www.todoasesoria.es\/?p=38#breadcrumb\"},\"inLanguage\":\"es\",\"potentialAction\":[{\"@type\":\"ReadAction\",\"target\":[\"https:\/\/www.todoasesoria.es\/?p=38\"]}]},{\"@type\":\"BreadcrumbList\",\"@id\":\"https:\/\/www.todoasesoria.es\/?p=38#breadcrumb\",\"itemListElement\":[{\"@type\":\"ListItem\",\"position\":1,\"item\":{\"@type\":\"WebPage\",\"@id\":\"https:\/\/www.todoasesoria.es\/\",\"url\":\"https:\/\/www.todoasesoria.es\/\",\"name\":\"Portada\"}},{\"@type\":\"ListItem\",\"position\":2,\"item\":{\"@type\":\"WebPage\",\"@id\":\"https:\/\/www.todoasesoria.es\/?p=38\",\"url\":\"https:\/\/www.todoasesoria.es\/?p=38\",\"name\":\"EPA: el paro cae hasta el 20%, su mejor dato en casi seis a\\u00f1os\"}}]},{\"@type\":\"Person\",\"@id\":\"https:\/\/www.todoasesoria.es\/#\/schema\/person\/e37adda296e4e3acefab4ffc88058951\",\"name\":\"admin\",\"image\":{\"@type\":\"ImageObject\",\"@id\":\"https:\/\/www.todoasesoria.es\/#personlogo\",\"inLanguage\":\"es\",\"url\":\"https:\/\/secure.gravatar.com\/avatar\/d41f10e7de8c19c926dff36b6fc99331?s=96&d=mm&r=g\",\"contentUrl\":\"https:\/\/secure.gravatar.com\/avatar\/d41f10e7de8c19c926dff36b6fc99331?s=96&d=mm&r=g\",\"caption\":\"admin\"}}]}<\/script>\n<!-- \/ Yoast SEO plugin. -->","_links":{"self":[{"href":"https:\/\/www.todoasesoria.es\/index.php?rest_route=\/wp\/v2\/posts\/38"}],"collection":[{"href":"https:\/\/www.todoasesoria.es\/index.php?rest_route=\/wp\/v2\/posts"}],"about":[{"href":"https:\/\/www.todoasesoria.es\/index.php?rest_route=\/wp\/v2\/types\/post"}],"author":[{"embeddable":true,"href":"https:\/\/www.todoasesoria.es\/index.php?rest_route=\/wp\/v2\/users\/1"}],"replies":[{"embeddable":true,"href":"https:\/\/www.todoasesoria.es\/index.php?rest_route=%2Fwp%2Fv2%2Fcomments&post=38"}],"version-history":[{"count":2,"href":"https:\/\/www.todoasesoria.es\/index.php?rest_route=\/wp\/v2\/posts\/38\/revisions"}],"predecessor-version":[{"id":51,"href":"https:\/\/www.todoasesoria.es\/index.php?rest_route=\/wp\/v2\/posts\/38\/revisions\/51"}],"wp:attachment":[{"href":"https:\/\/www.todoasesoria.es\/index.php?rest_route=%2Fwp%2Fv2%2Fmedia&parent=38"}],"wp:term":[{"taxonomy":"category","embeddable":true,"href":"https:\/\/www.todoasesoria.es\/index.php?rest_route=%2Fwp%2Fv2%2Fcategories&post=38"},{"taxonomy":"post_tag","embeddable":true,"href":"https:\/\/www.todoasesoria.es\/index.php?rest_route=%2Fwp%2Fv2%2Ftags&post=38"}],"curies":[{"name":"wp","href":"https:\/\/api.w.org\/{rel}","templated":true}]}}